{"id":4912,"date":"2019-12-10T19:30:27","date_gmt":"2019-12-10T18:30:27","guid":{"rendered":"http:\/\/www.europilote.eu\/WPress\/?p=4912"},"modified":"2019-12-10T19:30:27","modified_gmt":"2019-12-10T18:30:27","slug":"sejour-a-la-neige-changement-de-planning","status":"publish","type":"post","link":"http:\/\/www.europilote.eu\/WPress\/sejour-a-la-neige-changement-de-planning\/","title":{"rendered":"S\u00e9jour \u00e0 la neige : changement de planning"},"content":{"rendered":"<p>Pour permettre \u00e0 un maximum d&rsquo;\u00e9l\u00e8ves partant en s\u00e9jour \u00e0 la montagne la semaine prochaine, le groupe 2 inversera avec le groupe 4 les 18 d\u00e9cembre et 8 janvier.<\/p>\n<p>18\/12 : groupe 4 a cours<\/p>\n<p>8\/1 : groupe 2 a cours.<\/p>\n<p>La section a\u00e9ro<\/p>\n","protected":false},"excerpt":{"rendered":"<p>Pour permettre \u00e0 un maximum d&rsquo;\u00e9l\u00e8ves partant en s\u00e9jour \u00e0 la montagne la semaine prochaine, le groupe 2 inversera avec le groupe 4 les 18 d\u00e9cembre et 8 janvier. 18\/12 : groupe 4 a cours<a class=\"moretag\" href=\"http:\/\/www.europilote.eu\/WPress\/sejour-a-la-neige-changement-de-planning\/\"> Lire la suite&hellip;<\/a><\/p>\n","protected":false},"author":11,"featured_media":0,"comment_status":"closed","ping_status":"closed","sticky":false,"template":"","format":"standard","meta":{"_bbp_topic_count":0,"_bbp_reply_count":0,"_bbp_total_topic_count":0,"_bbp_total_reply_count":0,"_bbp_voice_count":0,"_bbp_anonymous_reply_count":0,"_bbp_topic_count_hidden":0,"_bbp_reply_count_hidden":0,"_bbp_forum_subforum_count":0},"categories":[15],"tags":[],"jetpack_featured_media_url":"","_links":{"self":[{"href":"http:\/\/www.europilote.eu\/WPress\/wp-json\/wp\/v2\/posts\/4912"}],"collection":[{"href":"http:\/\/www.europilote.eu\/WPress\/wp-json\/wp\/v2\/posts"}],"about":[{"href":"http:\/\/www.europilote.eu\/WPress\/wp-json\/wp\/v2\/types\/post"}],"author":[{"embeddable":true,"href":"http:\/\/www.europilote.eu\/WPress\/wp-json\/wp\/v2\/users\/11"}],"replies":[{"embeddable":true,"href":"http:\/\/www.europilote.eu\/WPress\/wp-json\/wp\/v2\/comments?post=4912"}],"version-history":[{"count":1,"href":"http:\/\/www.europilote.eu\/WPress\/wp-json\/wp\/v2\/posts\/4912\/revisions"}],"predecessor-version":[{"id":4913,"href":"http:\/\/www.europilote.eu\/WPress\/wp-json\/wp\/v2\/posts\/4912\/revisions\/4913"}],"wp:attachment":[{"href":"http:\/\/www.europilote.eu\/WPress\/wp-json\/wp\/v2\/media?parent=4912"}],"wp:term":[{"taxonomy":"category","embeddable":true,"href":"http:\/\/www.europilote.eu\/WPress\/wp-json\/wp\/v2\/categories?post=4912"},{"taxonomy":"post_tag","embeddable":true,"href":"http:\/\/www.europilote.eu\/WPress\/wp-json\/wp\/v2\/tags?post=4912"}],"curies":[{"name":"wp","href":"https:\/\/api.w.org\/{rel}","templated":true}]}}